{"id":161,"date":"2009-03-13T13:47:04","date_gmt":"2009-03-13T13:47:04","guid":{"rendered":"http:\/\/www.romeucosta.com\/blog\/?p=161"},"modified":"2009-03-13T13:47:04","modified_gmt":"2009-03-13T13:47:04","slug":"tendencias-de-cabelos-masculinos-para-2009","status":"publish","type":"post","link":"https:\/\/romeucosta.com\/blog\/index.php\/2009\/03\/13\/bem-estar\/tendencias-de-cabelos-masculinos-para-2009\/","title":{"rendered":"Tend\u00eancias de cabelos masculinos para 2009"},"content":{"rendered":"<div class=\"field field-type-image field-field-imagem\">\n<div class=\"field-items\">\n<div class=\"field-item\"><img data-recalc-dims=\"1\" decoding=\"async\" class=\"imagecache imagecache-artigos_full\" title=\"penteados-homem-2009.jpg\" src=\"https:\/\/i0.wp.com\/cromossomay.com\/files\/imagecache\/artigos_full\/artigos\/penteados-homem-2009.jpg?w=940\" alt=\"cabelos masculinos para 2009\" \/><\/div>\n<\/div>\n<\/div>\n<fieldset class=\"fieldgroup group-licenciamento collapsible collapsed\">\n<legend><a href=\"http:\/\/cromossomay.com\/curtas\/tendencias-cabelos-masculinos-para-2009#\">Cr\u00e9ditos Imagem<\/a><\/legend>\n<div class=\"fieldset-wrapper\">\n<div class=\"field field-type-link field-field-imagem-url\">\n<div class=\"field-items\">\n<div class=\"field-item\"><a rel=\"nofollow\" href=\"http:\/\/men.style.com\/fashion\/collections\/S2009MEN\/detail\/slideshow\/JSMEN?event=show1742&amp;designer=design_house372&amp;trend=&amp;iphoto=3\">Don Ashby<\/a><\/div>\n<\/div>\n<\/div>\n<\/div>\n<\/fieldset>\n<p>As <a href=\"http:\/\/cromossomay.com\/curtas\/tendencias-moda-masculina-primaveraverao-2009\">tend\u00eancias Primavera\/Ver\u00e3o<\/a> j\u00e1 est\u00e3o a\u00ed e, para al\u00e9m de trazerem uma lufada de ar fresco ao seu guarda-roupa, prometem ainda novidades capilares!<\/p>\n<p>\u201cschool boy\u201d e \u201crocker\u201d s\u00e3o as palavras-chaves nas tend\u00eancias de cabelos para 2009 \u2013 descubra-as!<\/p>\n<h2>Estilos dominantes<\/h2>\n<ul>\n<li><strong>Franja \u2013<\/strong> curta ou comprida, ambas s\u00e3o aceites desde que adequadas \u00e0 forma do rosto. Penteada para a frente ou para o lado, inspire-se nas colec\u00e7\u00f5es da <a href=\"http:\/\/men.style.com\/fashion\/collections\/F2009MEN\/complete\/thumb\/MARNIMEN\">Marni<\/a> e da <a href=\"http:\/\/men.style.com\/fashion\/collections\/F2009MEN\/complete\/thumb\/BPMEN\">Burberry<\/a> para descobrir o seu estilo preferido.<\/li>\n<li><strong>Penteado para tr\u00e1s \u2013<\/strong> um cl\u00e1ssico reinventado, este corte \u00e9 curto dos lados, mas com cabelo suficiente em cima para permitir que este seja todo penteado para tr\u00e1s, podendo ou n\u00e3o fazer um risco do lado. Para poder aperfei\u00e7oar este <em>look<\/em>, veja as colec\u00e7\u00f5es da <a href=\"http:\/\/men.style.com\/fashion\/collections\/F2009MEN\/complete\/thumb\/MOSCHMEN\">Moschino<\/a> e da <a href=\"http:\/\/men.style.com\/fashion\/collections\/S2009MEN\/complete\/thumb\/JSMEN\">Jil Sander<\/a>.<\/li>\n<li><strong>Risco do lado \u2013<\/strong> uma vers\u00e3o do cabelo penteado para tr\u00e1s, a op\u00e7\u00e3o aqui \u00e9 ir para o lado, criando um risco vis\u00edvel, mas sem exibir demasiado couro cabeludo. Uma das grandes tend\u00eancias, vistas principalmente na colec\u00e7\u00e3o de <a href=\"http:\/\/men.style.com\/fashion\/collections\/F2009MEN\/complete\/thumb\/RCMEN\">Roberto Cavalli<\/a> \u00e9 combinar a franja com um risco do lado. Nada como experimentar\u2026<\/li>\n<\/ul>\n<h2>Cores<\/h2>\n<ul type=\"disc\">\n<li>Loiro \u2013 principalmente o oxigenado e o met\u00e1lico, \u00e9 a grande moda do ano em termos de cabelos e vai ser visto em homens e mulheres de todo o mundo.<\/li>\n<li>No entanto, e como o <em>look<\/em> cl\u00e1ssico e o tradicional s\u00e3o as grandes tend\u00eancias capilares masculinas, manter a sua cor natural tamb\u00e9m est\u00e1 na moda.<\/li>\n<\/ul>\n","protected":false},"excerpt":{"rendered":"<p>Cr\u00e9ditos Imagem Don Ashby As tend\u00eancias Primavera\/Ver\u00e3o j\u00e1 est\u00e3o a\u00ed e, para al\u00e9m de trazerem uma lufada de ar fresco ao seu guarda-roupa, prometem ainda novidades capilares! \u201cschool boy\u201d e \u201crocker\u201d s\u00e3o as palavras-chaves nas tend\u00eancias de cabelos para 2009 \u2013 descubra-as! Estilos dominantes Franja \u2013 curta ou comprida, ambas s\u00e3o aceites desde que adequadas [&hellip;]<\/p>\n","protected":false},"author":1,"featured_media":0,"comment_status":"open","ping_status":"open","sticky":false,"template":"","format":"standard","meta":{"jetpack_post_was_ever_published":false,"_jetpack_newsletter_access":"","_jetpack_dont_email_post_to_subs":false,"_jetpack_newsletter_tier_id":0,"_jetpack_memberships_contains_paywalled_content":false,"_jetpack_memberships_contains_paid_content":false,"footnotes":"","jetpack_publicize_message":"","jetpack_publicize_feature_enabled":true,"jetpack_social_post_already_shared":false,"jetpack_social_options":{"image_generator_settings":{"template":"highway","default_image_id":0,"font":"","enabled":false},"version":2}},"categories":[13],"tags":[],"class_list":["post-161","post","type-post","status-publish","format-standard","hentry","category-bem-estar"],"aioseo_notices":[],"jetpack_publicize_connections":[],"jetpack_featured_media_url":"","jetpack_sharing_enabled":true,"jetpack_shortlink":"https:\/\/wp.me\/p68MQD-2B","jetpack-related-posts":[],"jetpack_likes_enabled":true,"_links":{"self":[{"href":"https:\/\/romeucosta.com\/blog\/index.php\/wp-json\/wp\/v2\/posts\/161","targetHints":{"allow":["GET"]}}],"collection":[{"href":"https:\/\/romeucosta.com\/blog\/index.php\/wp-json\/wp\/v2\/posts"}],"about":[{"href":"https:\/\/romeucosta.com\/blog\/index.php\/wp-json\/wp\/v2\/types\/post"}],"author":[{"embeddable":true,"href":"https:\/\/romeucosta.com\/blog\/index.php\/wp-json\/wp\/v2\/users\/1"}],"replies":[{"embeddable":true,"href":"https:\/\/romeucosta.com\/blog\/index.php\/wp-json\/wp\/v2\/comments?post=161"}],"version-history":[{"count":0,"href":"https:\/\/romeucosta.com\/blog\/index.php\/wp-json\/wp\/v2\/posts\/161\/revisions"}],"wp:attachment":[{"href":"https:\/\/romeucosta.com\/blog\/index.php\/wp-json\/wp\/v2\/media?parent=161"}],"wp:term":[{"taxonomy":"category","embeddable":true,"href":"https:\/\/romeucosta.com\/blog\/index.php\/wp-json\/wp\/v2\/categories?post=161"},{"taxonomy":"post_tag","embeddable":true,"href":"https:\/\/romeucosta.com\/blog\/index.php\/wp-json\/wp\/v2\/tags?post=161"}],"curies":[{"name":"wp","href":"https:\/\/api.w.org\/{rel}","templated":true}]}}