{"id":694,"date":"2015-04-07T16:36:02","date_gmt":"2015-04-07T15:36:02","guid":{"rendered":"http:\/\/www.romeucosta.com\/blog\/?p=694"},"modified":"2015-04-07T16:36:02","modified_gmt":"2015-04-07T15:36:02","slug":"portugal-ate-2020-sao-precisos-15-mil-informaticos","status":"publish","type":"post","link":"https:\/\/romeucosta.com\/blog\/index.php\/2015\/04\/07\/noticias-e-politica\/portugal-ate-2020-sao-precisos-15-mil-informaticos\/","title":{"rendered":"Portugal: At\u00e9 2020 s\u00e3o precisos 15 mil inform\u00e1ticos"},"content":{"rendered":"<p><strong>\u2026e muitas Institui\u00e7\u00f5es de Ensino insistem em\u00a0 leccionar \u201cconte\u00fados obsoletos\u201d<\/strong><\/p>\n<p>Num momento onde o desemprego continua a registar valores acima do n\u00edvel em que estava antes da crise, em Portugal as empresas continuam a procurar profissionais da \u00e1rea da inform\u00e1tica mas dizem n\u00e3o encontrar\u00a0as compet\u00eancias necess\u00e1rias.<\/p>\n<p>A Comiss\u00e3o Europeia prev\u00ea que at\u00e9 2020 sejam mais de 900 mil as ofertas de emprego na \u00e1rea das TI, em toda a Europa, e em Portugal o n\u00famero de profissionais\u00a0necess\u00e1rios poder\u00e1 chegar aos\u00a0<a href=\"http:\/\/pplware.sapo.pt\/informacao\/portugal-em-2015-vao-faltar-8-mil-informaticos\/\">15 mil<\/a>.<\/p>\n<p><a href=\"https:\/\/i0.wp.com\/pplware.sapo.pt\/wp-content\/uploads\/2015\/04\/informatica_001.jpg\" rel=\"lightbox[292071]\"><img data-recalc-dims=\"1\" loading=\"lazy\" decoding=\"async\" title=\"informatica_001\" src=\"https:\/\/i0.wp.com\/pplware.sapo.pt\/wp-content\/uploads\/2015\/04\/informatica_001_thumb.jpg?resize=600%2C400\" alt=\"informatica_001\" width=\"600\" height=\"400\" border=\"0\" \/><\/a><\/p>\n<p>Em 2014 informamos que em 2015 iriam <a href=\"http:\/\/pplware.sapo.pt\/informacao\/portugal-em-2015-vao-faltar-8-mil-informaticos\/\">faltar 8 mil inform\u00e1ticos<\/a> de acordo com o estudo\u201d E-Skills in Europe\u201d. Como sabemos os <a href=\"http:\/\/pplware.sapo.pt\/informacao\/engenheiros-informaticos-tem-desemprego-zero-em-portugal\/\">Engenheiros Inform\u00e1ticos<\/a> t\u00eam desemprego zero em Portugal e, de acordo com a Comiss\u00e3o Europeia que at\u00e9 2020 s\u00e3o precisos 15 mil inform\u00e1ticos s\u00f3 em\u00a0Portugal e haver\u00e1 mais de 900 mil as ofertas de emprego na \u00e1rea das TI em toda a Europa. No entanto haver\u00e1 uma barreira\u2026 a forma\u00e7\u00e3o!<\/p>\n<p>Como solu\u00e7\u00e3o para melhorar o n\u00edvel de ciber-compet\u00eancias e promover a economia digital, a Comiss\u00e3o Europeia criou o programa eSkills for Jobs, que, em Portugal, est\u00e1 implementado h\u00e1 dois anos e tem como parceiros empresas como a PT, IBM, Microsoft ou Cisco.<\/p>\n<p>Em declara\u00e7\u00f5es ao site DinheiroVivo, Lara Campos Tropa, directora de marketing da IBM e uma das embaixadoras do programa em Portugal referiu que \u201cA ideia \u00e9 dar resposta \u00e0 crescente procura de profissionais na \u00e1rea das TIC, sem resposta por parte do mercado de trabalho\u201d.<\/p>\n<p><a href=\"https:\/\/i0.wp.com\/pplware.sapo.pt\/wp-content\/uploads\/2015\/04\/informatica_002.jpg\" rel=\"lightbox[292071]\"><img data-recalc-dims=\"1\" loading=\"lazy\" decoding=\"async\" title=\"informatica_002\" src=\"https:\/\/i0.wp.com\/pplware.sapo.pt\/wp-content\/uploads\/2015\/04\/informatica_002_thumb.jpg?resize=582%2C450\" alt=\"informatica_002\" width=\"582\" height=\"450\" border=\"0\" \/><\/a><\/p>\n<p>De acordo com os dados dispon\u00edveis, <strong>90% das empresas que recrutam exigem compet\u00eancias na \u00e1rea das tecnologias de informa\u00e7\u00e3o e comunica\u00e7\u00e3o, como, por exemplo, computa\u00e7\u00e3o em nuvem, forma\u00e7\u00e3o\u00a0que os candidatos n\u00e3o t\u00eam<\/strong>.<\/p>\n<p>V\u00e2nia Neto, directora para a \u00e1rea de educa\u00e7\u00e3o e cidadania da Microsoft Portugal, diz mesmo que o problema est\u00e1 no ensino \u201c<strong>As faculdades n\u00e3o ensinam para o mercado<\/strong>. Muitas vezes, os candidatos chegam a n\u00f3s sem conhecer o b\u00e1sico da tecnologia que utilizamos. Aprendem tecnologia j\u00e1 obsoleta, coisas que j\u00e1 nem est\u00e3o no mercado, pelo que \u00e9 importante que os candidatos n\u00e3o se limitem \u00e0quilo que aprendem nas faculdades\u201d.<\/p>\n<p>V\u00e2nia Neto refere ainda que \u201cAs empresas queixam-se de que precisam de ter as pessoas durante, pelo menos, um ano, para que atinjam o n\u00edvel de compet\u00eancia que pretendem. <strong>Ou seja, s\u00e3o as empresas que d\u00e3o forma\u00e7\u00e3o<\/strong>. E contratar uma pessoa que s\u00f3 ser\u00e1 rent\u00e1vel, do ponto de vista de produtividade, ao final de um ano, \u00e9 um custo muito elevado\u201d<\/p>\n<p>Outro dos principais problemas com que a Europa se depara \u00e9 a falta de ades\u00e3o das mulheres \u00e0s tecnologias. Em Portugal, por exemplo, do total de profissionais de engenharia, s\u00f3 20% s\u00e3o mulheres, releva o site DinheiroVivo.<\/p>\n<p>At\u00e9 2020, a Comiss\u00e3o Europeia quer aumentar a taxa de emprego dos actuais 69% para 75%.<\/p>\n<p>Via <a href=\"http:\/\/www.dinheirovivo.pt\/economia\/interior.aspx?content_id=4494171&amp;page=-1\">DinheiroVivo<\/a>\u00a0e\u00a0Criado por <a title=\"Posts by Pedro Pinto\" href=\"http:\/\/pplware.sapo.pt\/author\/ppinto\/\" rel=\"author\">Pedro Pinto<\/a> em 6 de Abril de 2015 | Categoria: <a href=\"http:\/\/pplware.sapo.pt\/category\/informacao\/\" rel=\"category tag\">Not\u00edcias<\/a> | <a title=\"Comment on Portugal: At\u00e9 2020 ser\u00e3o precisos 15 mil inform\u00e1ticos\" href=\"http:\/\/pplware.sapo.pt\/informacao\/portugal-ate-2020-sao-precisos-15-mil-informaticos\/#comments\">185 coment\u00e1rios<\/a><\/p>\n","protected":false},"excerpt":{"rendered":"<p>\u2026e muitas Institui\u00e7\u00f5es de Ensino insistem em\u00a0 leccionar \u201cconte\u00fados obsoletos\u201d Num momento onde o desemprego continua a registar valores acima do n\u00edvel em que estava antes da crise, em Portugal as empresas continuam a procurar profissionais da \u00e1rea da inform\u00e1tica mas dizem n\u00e3o encontrar\u00a0as compet\u00eancias necess\u00e1rias. A Comiss\u00e3o Europeia prev\u00ea que at\u00e9 2020 sejam mais [&hellip;]<\/p>\n","protected":false},"author":1,"featured_media":0,"comment_status":"open","ping_status":"open","sticky":false,"template":"","format":"standard","meta":{"jetpack_post_was_ever_published":false,"_jetpack_newsletter_access":"","_jetpack_dont_email_post_to_subs":false,"_jetpack_newsletter_tier_id":0,"_jetpack_memberships_contains_paywalled_content":false,"_jetpack_memberships_contains_paid_content":false,"footnotes":"","jetpack_publicize_message":"","jetpack_publicize_feature_enabled":true,"jetpack_social_post_already_shared":false,"jetpack_social_options":{"image_generator_settings":{"template":"highway","default_image_id":0,"font":"","enabled":false},"version":2}},"categories":[12],"tags":[],"class_list":["post-694","post","type-post","status-publish","format-standard","hentry","category-noticias-e-politica"],"aioseo_notices":[],"jetpack_publicize_connections":[],"jetpack_featured_media_url":"","jetpack_sharing_enabled":true,"jetpack_shortlink":"https:\/\/wp.me\/p68MQD-bc","jetpack-related-posts":[],"jetpack_likes_enabled":true,"_links":{"self":[{"href":"https:\/\/romeucosta.com\/blog\/index.php\/wp-json\/wp\/v2\/posts\/694","targetHints":{"allow":["GET"]}}],"collection":[{"href":"https:\/\/romeucosta.com\/blog\/index.php\/wp-json\/wp\/v2\/posts"}],"about":[{"href":"https:\/\/romeucosta.com\/blog\/index.php\/wp-json\/wp\/v2\/types\/post"}],"author":[{"embeddable":true,"href":"https:\/\/romeucosta.com\/blog\/index.php\/wp-json\/wp\/v2\/users\/1"}],"replies":[{"embeddable":true,"href":"https:\/\/romeucosta.com\/blog\/index.php\/wp-json\/wp\/v2\/comments?post=694"}],"version-history":[{"count":0,"href":"https:\/\/romeucosta.com\/blog\/index.php\/wp-json\/wp\/v2\/posts\/694\/revisions"}],"wp:attachment":[{"href":"https:\/\/romeucosta.com\/blog\/index.php\/wp-json\/wp\/v2\/media?parent=694"}],"wp:term":[{"taxonomy":"category","embeddable":true,"href":"https:\/\/romeucosta.com\/blog\/index.php\/wp-json\/wp\/v2\/categories?post=694"},{"taxonomy":"post_tag","embeddable":true,"href":"https:\/\/romeucosta.com\/blog\/index.php\/wp-json\/wp\/v2\/tags?post=694"}],"curies":[{"name":"wp","href":"https:\/\/api.w.org\/{rel}","templated":true}]}}